{"id":2330,"date":"2025-09-18T10:00:00","date_gmt":"2025-09-18T08:00:00","guid":{"rendered":"https:\/\/calderan.de\/?p=2330"},"modified":"2025-09-18T12:47:29","modified_gmt":"2025-09-18T10:47:29","slug":"cover-reveal-sieben-arten-dunkelheit-von-christan-von-aster","status":"publish","type":"post","link":"https:\/\/calderan.de\/en\/calderan-news-blog\/cover-reveal-sieben-arten-dunkelheit-von-christan-von-aster\/","title":{"rendered":"Cover Reveal: SIEBEN ARTEN DUNKELHEIT von Christan von Aster"},"content":{"rendered":"\n<p id=\"message\">Wir enth\u00fcllen heute das Cover zu unserem kommenden Fantasy-Roman, der die Grenzen zwischen Welten verschwimmen l\u00e4sst und das Dunkel in einem v\u00f6llig neuen Licht zeigt.<br><br>Das Cover wurde von der wunderbaren <a href=\"https:\/\/nataliagrebenjuk.de\/\" target=\"_blank\" rel=\"noopener\">Natalia Grebenjuk<\/a> illustriert und von <a href=\"https:\/\/coscreen.net\/\" target=\"_blank\" rel=\"noopener\">Bj\u00f6rn Pollmeyer<\/a> gestaltet. <br><\/p>\n\n\n\n<!--more-->\n\n\n\n<figure class=\"wp-block-image size-large\"><img loading=\"lazy\" decoding=\"async\" width=\"1024\" height=\"1024\" src=\"https:\/\/calderan.de\/wp-content\/uploads\/978-3-98600-036-3_3D-1-1024x1024.png\" alt=\"\" class=\"wp-image-2333\" srcset=\"https:\/\/calderan.de\/wp-content\/uploads\/978-3-98600-036-3_3D-1-1024x1024.png 1024w, https:\/\/calderan.de\/wp-content\/uploads\/978-3-98600-036-3_3D-1-300x300.png 300w, https:\/\/calderan.de\/wp-content\/uploads\/978-3-98600-036-3_3D-1-150x150.png 150w, https:\/\/calderan.de\/wp-content\/uploads\/978-3-98600-036-3_3D-1-768x768.png 768w, https:\/\/calderan.de\/wp-content\/uploads\/978-3-98600-036-3_3D-1-1536x1536.png 1536w, https:\/\/calderan.de\/wp-content\/uploads\/978-3-98600-036-3_3D-1-350x350.png 350w, https:\/\/calderan.de\/wp-content\/uploads\/978-3-98600-036-3_3D-1-750x750.png 750w, https:\/\/calderan.de\/wp-content\/uploads\/978-3-98600-036-3_3D-1-100x100.png 100w, https:\/\/calderan.de\/wp-content\/uploads\/978-3-98600-036-3_3D-1.png 2000w\" sizes=\"auto, (max-width: 1024px) 100vw, 1024px\" \/><\/figure>\n\n\n\n<h2 class=\"wp-block-heading\">Die Geschichte<\/h2>\n\n\n\n<p id=\"message\">In den Tiefen der H\u00f6hlen von Whaku lernt Krigk, ein junger Nachtz\u00e4hmer-Sch\u00fcler, die Geheimnisse der Finsternis zu beherrschen. Doch als in der dritten H\u00f6hle etwas geschieht, was nie zuvor geschehen ist, bricht eine uralte Ordnung zusammen. <strong>\u00bbJemand wird kommen dereinst, erschaffen, was zuvor nicht war, tun, was nie zuvor jemand tat und das Dunkel ver\u00e4ndern.<\/strong>\u00ab<\/p>\n\n\n\n<p id=\"message\">Zur gleichen Zeit, in einer anderen Welt, k\u00e4mpft der f\u00fcnfzehnj\u00e4hrige David mit seiner Angst vor der Dunkelheit. Als die geheimnisvolle blinde Ayumi in sein Leben tritt und ihm ein r\u00e4tselhaftes Glasr\u00f6hrchen mit schwarzer Fl\u00fcssigkeit schenkt, ahnt er nicht, dass sich sein Schicksal f\u00fcr immer \u00e4ndern wird. <strong>\u00bbDas ist klug, David. Sehr klug. Und lass dir blo\u00df nicht von irgendjemandem einreden, dass es das nicht w\u00e4re.<\/strong>\u00ab<\/p>\n\n\n\n<h2 class=\"wp-block-heading\">Zwei Welten. Ein Dunkel. Sieben Arten der Finsternis.<\/h2>\n\n\n\n<p id=\"message\"><strong>SIEBEN ARTEN DUNKELHEIT<\/strong> verbindet mystische Fantasy mit moderner Coming-of-Age-Geschichte zu einem atmosph\u00e4rischen Roman \u00fcber Mut, Freundschaft und die Macht der Dunkelheit.<\/p>\n\n\n\n<h2 class=\"wp-block-heading\">Erste Begegnungen mit dem Dunkel<\/h2>\n\n\n\n<p id=\"message\"><strong>Christian von Aster<\/strong> wird aus dem Roman lesen und die d\u00fcsteren Welten live zum Leben erwecken:<\/p>\n\n\n\n<p id=\"message\"><strong>BuCon, 18.10.2025,  11:00 Uhr<\/strong><\/p>\n\n\n\n<p id=\"message\"><strong>Frankfurter Buchmesse 17.10.2025, Podium Rheinland-Pfalz, Halle 3.1, 16:30<\/strong><\/p>\n\n\n\n<p id=\"message\">Das Dunkel wartet nicht. Es w\u00e4chst.<\/p>\n\n\n\n<p id=\"message\"><em>In k\u00fcrze im gut sortierten Buchhandel erh\u00e4ltlich.<\/em><\/p>\n","protected":false},"excerpt":{"rendered":"<p>Wir enth\u00fcllen heute das Cover zu unserem kommenden Fantasy-Roman, der die Grenzen zwischen Welten verschwimmen l\u00e4sst und das Dunkel in einem v\u00f6llig neuen Licht zeigt. Das Cover wurde von der wunderbaren Natalia Grebenjuk illustriert und von Bj\u00f6rn Pollmeyer gestaltet.<\/p>\n","protected":false},"author":8,"featured_media":2349,"comment_status":"closed","ping_status":"closed","sticky":false,"template":"","format":"standard","meta":{"footnotes":""},"categories":[125,1],"tags":[],"class_list":["post-2330","post","type-post","status-publish","format-standard","has-post-thumbnail","hentry","category-calderan-news-blog","category-unkategorisiert"],"_links":{"self":[{"href":"https:\/\/calderan.de\/en\/wp-json\/wp\/v2\/posts\/2330","targetHints":{"allow":["GET"]}}],"collection":[{"href":"https:\/\/calderan.de\/en\/wp-json\/wp\/v2\/posts"}],"about":[{"href":"https:\/\/calderan.de\/en\/wp-json\/wp\/v2\/types\/post"}],"author":[{"embeddable":true,"href":"https:\/\/calderan.de\/en\/wp-json\/wp\/v2\/users\/8"}],"replies":[{"embeddable":true,"href":"https:\/\/calderan.de\/en\/wp-json\/wp\/v2\/comments?post=2330"}],"version-history":[{"count":2,"href":"https:\/\/calderan.de\/en\/wp-json\/wp\/v2\/posts\/2330\/revisions"}],"predecessor-version":[{"id":2348,"href":"https:\/\/calderan.de\/en\/wp-json\/wp\/v2\/posts\/2330\/revisions\/2348"}],"wp:featuredmedia":[{"embeddable":true,"href":"https:\/\/calderan.de\/en\/wp-json\/wp\/v2\/media\/2349"}],"wp:attachment":[{"href":"https:\/\/calderan.de\/en\/wp-json\/wp\/v2\/media?parent=2330"}],"wp:term":[{"taxonomy":"category","embeddable":true,"href":"https:\/\/calderan.de\/en\/wp-json\/wp\/v2\/categories?post=2330"},{"taxonomy":"post_tag","embeddable":true,"href":"https:\/\/calderan.de\/en\/wp-json\/wp\/v2\/tags?post=2330"}],"curies":[{"name":"wp","href":"https:\/\/api.w.org\/{rel}","templated":true}]}}