{"id":2187,"date":"2025-02-27T18:35:27","date_gmt":"2025-02-27T17:35:27","guid":{"rendered":"https:\/\/calderan.de\/?p=2187"},"modified":"2025-02-27T18:39:24","modified_gmt":"2025-02-27T17:39:24","slug":"premiere-auf-der-leipziger-buchmesse-die-spiegelung-der-zeit-von-ulrich-c-schreiber","status":"publish","type":"post","link":"https:\/\/calderan.de\/en\/calderan-news-blog\/premiere-auf-der-leipziger-buchmesse-die-spiegelung-der-zeit-von-ulrich-c-schreiber\/","title":{"rendered":"Premiere auf der Leipziger Buchmesse: \u201eDie Spiegelung der Zeit\u201c von Ulrich C. Schreiber"},"content":{"rendered":"\n<p><strong>Wir sind dabei!<\/strong> Vom <strong>27. bis 30. M\u00e4rz 2025<\/strong> \u00f6ffnet die <strong>Leipziger Buchmesse<\/strong> ihre Tore \u2013 und wir freuen uns riesig, euch unser neues Buch vorzustellen!<\/p>\n\n\n\n<p><strong>Besucht uns in Halle 3, Stand C 412<\/strong> \u2013 da zeigen wir nicht nur unsere Neuerscheinungen, sondern nehmen auch am <strong>Sticker-Album des Sch\u00f6ne B\u00fccher Netzwerks<\/strong> teil!<\/p>\n\n\n\n<p>Sammelt exklusive Sticker von unabh\u00e4ngigen Verlagen und entdeckt B\u00fccher, die mit Liebe gemacht sind. <strong>Unser Sticker wartet auf euch \u2013 holt ihn euch direkt am Stand ab!<\/strong><\/p>\n\n\n\n<p> <strong>Mehr Infos zum Sticker-Album:<\/strong> <a href=\"https:\/\/www.schoenebuecher.net\/sticker\/\" target=\"_blank\" rel=\"noreferrer noopener\">www.schoenebuecher.net\/sticker<\/a><\/p>\n\n\n\n<!--more-->\n\n\n\n<figure class=\"wp-block-image size-large\"><img loading=\"lazy\" decoding=\"async\" width=\"1024\" height=\"1024\" src=\"https:\/\/calderan.de\/wp-content\/uploads\/stickersammelalbum-leipziger-buchmesse-2025-scaled-1-1024x1024.jpg\" alt=\"Bild des Stickeralbums &quot;Sch\u00f6ne B\u00fccher&quot;\" class=\"wp-image-2188\" srcset=\"https:\/\/calderan.de\/wp-content\/uploads\/stickersammelalbum-leipziger-buchmesse-2025-scaled-1-1024x1024.jpg 1024w, https:\/\/calderan.de\/wp-content\/uploads\/stickersammelalbum-leipziger-buchmesse-2025-scaled-1-300x300.jpg 300w, https:\/\/calderan.de\/wp-content\/uploads\/stickersammelalbum-leipziger-buchmesse-2025-scaled-1-150x150.jpg 150w, https:\/\/calderan.de\/wp-content\/uploads\/stickersammelalbum-leipziger-buchmesse-2025-scaled-1-768x768.jpg 768w, https:\/\/calderan.de\/wp-content\/uploads\/stickersammelalbum-leipziger-buchmesse-2025-scaled-1-1536x1536.jpg 1536w, https:\/\/calderan.de\/wp-content\/uploads\/stickersammelalbum-leipziger-buchmesse-2025-scaled-1-2048x2048.jpg 2048w, https:\/\/calderan.de\/wp-content\/uploads\/stickersammelalbum-leipziger-buchmesse-2025-scaled-1-350x350.jpg 350w, https:\/\/calderan.de\/wp-content\/uploads\/stickersammelalbum-leipziger-buchmesse-2025-scaled-1-750x750.jpg 750w, https:\/\/calderan.de\/wp-content\/uploads\/stickersammelalbum-leipziger-buchmesse-2025-scaled-1-100x100.jpg 100w\" sizes=\"auto, (max-width: 1024px) 100vw, 1024px\" \/><\/figure>\n\n\n\n<h2 class=\"wp-block-heading\"><strong>Die Spiegelung der Zeit\u201c \u2013 Ein Zeitreise-Roman voller Spannung und Emotionen<\/strong><\/h2>\n\n\n\n<p>Ulrich C. Schreiber verbindet in <strong>\u201eDie Spiegelung der Zeit\u201c<\/strong> meisterhaft <strong>wissenschaftliche Faszination mit literarischer Tiefe<\/strong>. Die Geschichte ist nicht nur eine fesselnde Zeitreise, sondern auch eine Reflexion \u00fcber menschliche Schicksale, Entscheidungen und ihre Konsequenzen. <br><a href=\"https:\/\/www.book2look.com\/book\/NBzUNFp9pg\" target=\"_blank\" rel=\"noopener\"><strong>Hier geht\u2019s zur Leseprobe<\/strong><\/a><br><a href=\"https:\/\/calderan.de\/produkt\/978-3-98600-024-0\/\" data-type=\"product\" data-id=\"2182\"><strong>Hier geht&#8217;s direkt zum Buch<\/strong><\/a><\/p>\n\n\n\n<h2 class=\"wp-block-heading\"><strong>Leipziger Buchmesse \u2013 Ein Paradies f\u00fcr Buchliebhaber*innen<\/strong><\/h2>\n\n\n\n<p>Die Leipziger Buchmesse ist eines der wichtigsten Literaturereignisse des Jahres. Als bedeutende Plattform f\u00fcr Autor<em>innen, Verlage und Leser<\/em>innen bietet sie eine einzigartige Gelegenheit, neue Geschichten zu entdecken und sich mit Kreativen aus der Literaturszene auszutauschen.<\/p>\n\n\n\n<p>Unser Gemeinschaftsstand mit der <strong><a href=\"https:\/\/edition-outbird.de\/\" target=\"_blank\" rel=\"noreferrer noopener\">Edition Outbird<\/a> (Halle 3, Stand C 412)<\/strong> ist der perfekte Ort f\u00fcr alle, die sich f\u00fcr au\u00dfergew\u00f6hnliche Literatur begeistern. Neben <strong>\u201eDie Spiegelung der Zeit\u201c<\/strong> k\u00f6nnt ihr viele weitere spannende B\u00fccher entdecken \u2013 von phantastischen Welten bis zu tiefgr\u00fcndigen Romanen.<\/p>\n\n\n\n<p><strong>Wann &amp; Wo?<\/strong><br>\ud83d\udccd <strong>Leipziger Buchmesse \u2013 Halle 3, Stand C 412<\/strong><br><strong>\ud83d\udcc6 27.\u201330. M\u00e4rz 202<\/strong>5<\/p>\n\n\n\n<p>Und vergesst nicht: <strong>Holt euch euren exklusiven \u201eSch\u00f6ne B\u00fccher\u201c-Sticker!<\/strong> \u2728<\/p>\n\n\n\n<h2 class=\"wp-block-heading\"><strong>Exklusive Einblicke und Signierstunden<\/strong><\/h2>\n\n\n\n<p>F\u00fcr alle, die mehr \u00fcber das Buch erfahren m\u00f6chten, gibt es auf der Messe die M\u00f6glichkeit, direkt mit uns ins Gespr\u00e4ch zu kommen. Vielleicht l\u00e4sst sich auch ein signiertes Exemplar ergattern?<\/p>\n\n\n\n<p>Wir freuen uns auf euren Besuch, tolle Gespr\u00e4che und nat\u00fcrlich darauf, gemeinsam mit euch die sch\u00f6nsten B\u00fccher zu feiern!<br><br>Nat\u00fcrlich auch mit dabei: Tinderblox, Kittin, Suna Valo, Der Spiegelorden, Serera &#8230;<\/p>\n","protected":false},"excerpt":{"rendered":"<p>Wir sind dabei! Vom 27. bis 30. M\u00e4rz 2025 \u00f6ffnet die Leipziger Buchmesse ihre Tore \u2013 und wir freuen uns riesig, euch unser neues Buch vorzustellen! Besucht uns in Halle 3, Stand C 412 \u2013 da zeigen wir nicht nur unsere Neuerscheinungen, sondern nehmen auch am Sticker-Album des Sch\u00f6ne B\u00fccher Netzwerks teil! Sammelt exklusive Sticker [&hellip;]<\/p>\n","protected":false},"author":8,"featured_media":2190,"comment_status":"closed","ping_status":"closed","sticky":false,"template":"","format":"standard","meta":{"footnotes":""},"categories":[125,1],"tags":[],"class_list":["post-2187","post","type-post","status-publish","format-standard","has-post-thumbnail","hentry","category-calderan-news-blog","category-unkategorisiert"],"_links":{"self":[{"href":"https:\/\/calderan.de\/en\/wp-json\/wp\/v2\/posts\/2187","targetHints":{"allow":["GET"]}}],"collection":[{"href":"https:\/\/calderan.de\/en\/wp-json\/wp\/v2\/posts"}],"about":[{"href":"https:\/\/calderan.de\/en\/wp-json\/wp\/v2\/types\/post"}],"author":[{"embeddable":true,"href":"https:\/\/calderan.de\/en\/wp-json\/wp\/v2\/users\/8"}],"replies":[{"embeddable":true,"href":"https:\/\/calderan.de\/en\/wp-json\/wp\/v2\/comments?post=2187"}],"version-history":[{"count":4,"href":"https:\/\/calderan.de\/en\/wp-json\/wp\/v2\/posts\/2187\/revisions"}],"predecessor-version":[{"id":2197,"href":"https:\/\/calderan.de\/en\/wp-json\/wp\/v2\/posts\/2187\/revisions\/2197"}],"wp:featuredmedia":[{"embeddable":true,"href":"https:\/\/calderan.de\/en\/wp-json\/wp\/v2\/media\/2190"}],"wp:attachment":[{"href":"https:\/\/calderan.de\/en\/wp-json\/wp\/v2\/media?parent=2187"}],"wp:term":[{"taxonomy":"category","embeddable":true,"href":"https:\/\/calderan.de\/en\/wp-json\/wp\/v2\/categories?post=2187"},{"taxonomy":"post_tag","embeddable":true,"href":"https:\/\/calderan.de\/en\/wp-json\/wp\/v2\/tags?post=2187"}],"curies":[{"name":"wp","href":"https:\/\/api.w.org\/{rel}","templated":true}]}}