{"id":1591,"date":"2024-07-19T09:39:34","date_gmt":"2024-07-19T07:39:34","guid":{"rendered":"https:\/\/calderan.de\/?p=1591"},"modified":"2024-07-19T12:41:01","modified_gmt":"2024-07-19T10:41:01","slug":"die_flucht_der_ameisen_neuauflage","status":"publish","type":"post","link":"https:\/\/calderan.de\/en\/calderan-news-blog\/die_flucht_der_ameisen_neuauflage\/","title":{"rendered":"Neuauflage! Der packende SciFi Geo-Thriller \u00bbDie Flucht der Ameisen\u00ab von Ulrich C. Schreiber"},"content":{"rendered":"\n<h2 class=\"wp-block-heading\">Ein Vulkan bricht aus: \u00bbDie Flucht der Ameisen\u00ab von Ulrich C. Schreiber<\/h2>\n\n\n\n<p>\u00bbDie Flucht der Ameisen\u00ab von Ulrich C. Schreiber hat sich in den letzten Jahren als ein herausragendes Werk in der Welt der Geo-Thriller und Science Fiction-Literatur etabliert. Urspr\u00fcnglich im Phantastik und Science-Fiction-Verlag&nbsp;Shayol&nbsp;ver\u00f6ffentlicht, hat dieses packende Buch bereits eine beeindruckende Reise durch verschiedene Verlage hinter sich. Es fand seinen Weg zu Piper und war Teil der renommierten ZEIT WISSEN &#8211; Krimi Edition. Nun ist dieser Klassiker exklusiv bei Calderan erh\u00e4ltlich \u2013 in einer Klappenbroschur und als sorgf\u00e4ltig gelayoutetes E-Book.<\/p>\n\n\n\n<!--more-->\n\n\n\n<h2 class=\"wp-block-heading\"><strong>Ein unheilvolles Zittern und die Vorboten einer Katastrophe<\/strong><\/h2>\n\n\n\n<div class=\"wp-block-group\"><div class=\"wp-block-group__inner-container is-layout-constrained wp-block-group-is-layout-constrained\">\n<p>Ein beunruhigendes Zittern durchzieht den Rhein. Der versierte Geologe Gerhard B\u00f6hm erkennt die ersten Warnsignale: merkw\u00fcrdige Bewegungen im Erdreich und das ungew\u00f6hnliche Verhalten der Waldameisen. Trotz des unerwarteten Wintereinbruchs sind die Ameisen weiterhin aktiv, und die Anzahl der Erdbeben nimmt besorgniserregend zu. K\u00f6nnte ein Vulkanausbruch bevorstehen? B\u00f6hm ist alarmiert und sucht verzweifelt nach eindeutigen Hinweisen. Die Vorzeichen einer unvorstellbaren Katastrophe mehren sich, bis schlie\u00dflich in der Silvesternacht das Undenkbare passiert: Eine gewaltige Eruption bringt erstmals seit \u00fcber 10.000 Jahren einen Vulkan in Deutschland zum Ausbruch.<\/p>\n\n\n\n<p>Chaos und Panik breiten sich in Koblenz und den umliegenden Gemeinden am Mittelrhein aus. Die zerst\u00f6rerische Kraft des Ausbruchs st\u00fcrzt den Rhein ins absolute Chaos. Lava blockiert den Fluss, und riesige Wassermassen drohen, St\u00e4dte wie Mainz und Frankfurt zu \u00fcberfluten. Die Situation scheint hoffnungslos\u2026<\/p>\n<\/div><\/div>\n\n\n\n<figure class=\"wp-block-image size-large\"><img loading=\"lazy\" decoding=\"async\" width=\"1024\" height=\"1024\" src=\"https:\/\/calderan.de\/wp-content\/uploads\/Flucht-der-Ameisen_Mockup-4-1024x1024.png\" alt=\"a book cover with a ant on it\" class=\"wp-image-1596\" srcset=\"https:\/\/calderan.de\/wp-content\/uploads\/Flucht-der-Ameisen_Mockup-4-1024x1024.png 1024w, https:\/\/calderan.de\/wp-content\/uploads\/Flucht-der-Ameisen_Mockup-4-300x300.png 300w, https:\/\/calderan.de\/wp-content\/uploads\/Flucht-der-Ameisen_Mockup-4-150x150.png 150w, https:\/\/calderan.de\/wp-content\/uploads\/Flucht-der-Ameisen_Mockup-4-768x768.png 768w, https:\/\/calderan.de\/wp-content\/uploads\/Flucht-der-Ameisen_Mockup-4-1536x1536.png 1536w, https:\/\/calderan.de\/wp-content\/uploads\/Flucht-der-Ameisen_Mockup-4-350x350.png 350w, https:\/\/calderan.de\/wp-content\/uploads\/Flucht-der-Ameisen_Mockup-4-750x750.png 750w, https:\/\/calderan.de\/wp-content\/uploads\/Flucht-der-Ameisen_Mockup-4-100x100.png 100w, https:\/\/calderan.de\/wp-content\/uploads\/Flucht-der-Ameisen_Mockup-4.png 2000w\" sizes=\"auto, (max-width: 1024px) 100vw, 1024px\" \/><\/figure>\n\n\n\n<h2 class=\"wp-block-heading\"><strong>Wenn die Erde erbebt und der Rhein in Flammen steht, ist nichts mehr sicher.<\/strong><\/h2>\n\n\n\n<p><img loading=\"lazy\" decoding=\"async\" width=\"150\" height=\"200\" class=\"wp-image-1598\" align=\"left\" style=\"width: 150px;\" src=\"https:\/\/calderan.de\/wp-content\/uploads\/ulrich_c_schreiber_portrait_die_flucht_der_ameisen.jpg\" alt=\"a man with a blue shirt\" srcset=\"https:\/\/calderan.de\/wp-content\/uploads\/ulrich_c_schreiber_portrait_die_flucht_der_ameisen.jpg 1440w, https:\/\/calderan.de\/wp-content\/uploads\/ulrich_c_schreiber_portrait_die_flucht_der_ameisen-225x300.jpg 225w, https:\/\/calderan.de\/wp-content\/uploads\/ulrich_c_schreiber_portrait_die_flucht_der_ameisen-768x1024.jpg 768w, https:\/\/calderan.de\/wp-content\/uploads\/ulrich_c_schreiber_portrait_die_flucht_der_ameisen-1152x1536.jpg 1152w, https:\/\/calderan.de\/wp-content\/uploads\/ulrich_c_schreiber_portrait_die_flucht_der_ameisen-750x1000.jpg 750w\" sizes=\"auto, (max-width: 150px) 100vw, 150px\" \/>Ulrich C. Schreiber entwirft in \u201eDie Flucht der Ameisen\u201c einen wissenschaftlich fundierten Geo-Thriller, der auch Elemente der Science Fiction-Literatur enth\u00e4lt. Der Leser erlebt hautnah, wie brachiale Naturgewalten eine ganze Region verw\u00fcsten und den betroffenen Menschen die sicher geglaubte Lebensgrundlage entziehen. Das Buch verwebt wissenschaftliche Genauigkeit mit packender Spannung und f\u00fchrt die Leser an die Grenzen menschlicher Beherrschbarkeit gegen\u00fcber den gewaltigen Kr\u00e4ften der Natur.<\/p>\n\n\n\n<h2 class=\"wp-block-heading\"><strong>Ein Erfolgsbuch kehrt zur\u00fcck \u2013 exklusiv bei Calderan<\/strong><\/h2>\n\n\n\n<p>Diese exklusive Neuauflage von \u201eDie Flucht der Ameisen\u201c bei Calderan ist ein Muss f\u00fcr Sammler und Neueinsteiger gleicherma\u00dfen. Erh\u00e4ltlich als Klappenbroschur und als ansprechend gestaltetes E-Book, bietet Calderan diese Ausgabe in einer Qualit\u00e4t, welche die Geschichte in neuem Glanz erstrahlen l\u00e4sst.&nbsp;<\/p>\n\n\n\n<h2 class=\"wp-block-heading\"><strong>\u00dcber den Autor:<\/strong><\/h2>\n\n\n\n<p>Prof. Dr. Ulrich C. Schreiber, geboren 1956 in Osterode am Harz, war schon als Kind begeistert von Steinen und den Wundern der Natur. Dies f\u00fchrte ihn unweigerlich zum Studium der Geologie in Clausthal, gefolgt von weiteren Semestern in Chemie und Geochemie in Clausthal und G\u00f6ttingen. Seine Doktorarbeit f\u00fchrte ihn nach Argentinien in die Puna-Hochebene, wo er sich erstmals intensiv mit Vulkanologie auseinandersetzte. Als Assistent am Geologischen Institut in Bonn lernte er die geologische Besonderheit der Engstelle des Rheins kennen, umgeben von fast noch warmen Vulkanen. Diese Erfahrung inspirierte ihn zu der Idee, einen Roman \u00fcber die Risiken eines neuen Vulkanausbruchs direkt am Rhein zu schreiben. 1996 folgte der Ruf an die Universit\u00e4t Duisburg-Essen, wo er bis zum Ruhestand als Professor f\u00fcr Allgemeine Geologie t\u00e4tig ist. Neben seiner akademischen Laufbahn ist Schreiber auch als Autor wissenschaftlicher Publikationen und als Forscher im Bereich Vulkanismus, Tektonik und Geo\u00f6kologie bekannt.<\/p>\n\n\n\n<p>\u00bbDie Flucht der Ameisen\u00ab ist ein Muss f\u00fcr alle Fans von spannungsgeladener Wissenschaftsliteratur, Geo-Thrillern und Science Fiction. Lass Dich von Ulrich C. Schreibers meisterhafter Erz\u00e4hlkunst und wissenschaftlicher Pr\u00e4zision in den Bann ziehen und erlebe die dramatischen Ereignisse hautnah mit.<\/p>\n\n\n\n<p><strong>Eine Welt, in der die Erde erbebt und der Rhein in Flammen steht.&nbsp;\u00bbDie Flucht der Ameisen\u00ab jetzt exklusiv bei Calderan als hochwertige Klappenbroschur oder als sorgf\u00e4ltig gelayoutetes E-Book. Erh\u00e4ltlich in jeder gut sortierten Buchhandlung.&nbsp;<\/strong><\/p>\n\n\n\n<p><a href=\"https:\/\/calderan.de\/produkt\/978-3-98600-027-1\">Buch direkt im Verlag kaufen<\/a><\/p>\n\n\n\n<p><a href=\"https:\/\/www.ulrich-c-schreiber.de\/\" target=\"_blank\" rel=\"noopener\">Webseite von Prof. Dr. Ulrich C. Schreiber<\/a><br><a href=\"https:\/\/portal.dnb.de\/opac.htm?method=simpleSearch&amp;query=131520806\" target=\"_blank\" rel=\"noreferrer noopener\">Literatur von Prof. Dr. Ulrich C. Schreiber in der Deutschen Nationalbibliothek<\/a><\/p>\n","protected":false},"excerpt":{"rendered":"<p>Ein Vulkan bricht aus: \u00bbDie Flucht der Ameisen\u00ab von Ulrich C. Schreiber \u00bbDie Flucht der Ameisen\u00ab von Ulrich C. Schreiber hat sich in den letzten Jahren als ein herausragendes Werk in der Welt der Geo-Thriller und Science Fiction-Literatur etabliert. Urspr\u00fcnglich im Phantastik und Science-Fiction-Verlag&nbsp;Shayol&nbsp;ver\u00f6ffentlicht, hat dieses packende Buch bereits eine beeindruckende Reise durch verschiedene Verlage [&hellip;]<\/p>\n","protected":false},"author":8,"featured_media":1592,"comment_status":"closed","ping_status":"closed","sticky":false,"template":"","format":"standard","meta":{"footnotes":""},"categories":[125],"tags":[],"class_list":["post-1591","post","type-post","status-publish","format-standard","has-post-thumbnail","hentry","category-calderan-news-blog"],"_links":{"self":[{"href":"https:\/\/calderan.de\/en\/wp-json\/wp\/v2\/posts\/1591","targetHints":{"allow":["GET"]}}],"collection":[{"href":"https:\/\/calderan.de\/en\/wp-json\/wp\/v2\/posts"}],"about":[{"href":"https:\/\/calderan.de\/en\/wp-json\/wp\/v2\/types\/post"}],"author":[{"embeddable":true,"href":"https:\/\/calderan.de\/en\/wp-json\/wp\/v2\/users\/8"}],"replies":[{"embeddable":true,"href":"https:\/\/calderan.de\/en\/wp-json\/wp\/v2\/comments?post=1591"}],"version-history":[{"count":2,"href":"https:\/\/calderan.de\/en\/wp-json\/wp\/v2\/posts\/1591\/revisions"}],"predecessor-version":[{"id":1614,"href":"https:\/\/calderan.de\/en\/wp-json\/wp\/v2\/posts\/1591\/revisions\/1614"}],"wp:featuredmedia":[{"embeddable":true,"href":"https:\/\/calderan.de\/en\/wp-json\/wp\/v2\/media\/1592"}],"wp:attachment":[{"href":"https:\/\/calderan.de\/en\/wp-json\/wp\/v2\/media?parent=1591"}],"wp:term":[{"taxonomy":"category","embeddable":true,"href":"https:\/\/calderan.de\/en\/wp-json\/wp\/v2\/categories?post=1591"},{"taxonomy":"post_tag","embeddable":true,"href":"https:\/\/calderan.de\/en\/wp-json\/wp\/v2\/tags?post=1591"}],"curies":[{"name":"wp","href":"https:\/\/api.w.org\/{rel}","templated":true}]}}